{"id":935,"date":"2026-03-13T07:53:21","date_gmt":"2026-03-13T07:53:21","guid":{"rendered":"http:\/\/www.synaosfikirkulubu.org\/?p=935"},"modified":"2026-03-13T07:59:26","modified_gmt":"2026-03-13T07:59:26","slug":"cartoon-zur-integration-animier-deine-geschichte-2","status":"publish","type":"post","link":"http:\/\/www.synaosfikirkulubu.org\/?p=935","title":{"rendered":"Cartoon zur Integration \u2013 Animier Deine Geschichte"},"content":{"rendered":"\n<p>(Ref: 2025-3-AT01-KA152-YOU-000388007) adl\u0131 Erasmus+ Gen\u00e7lik De\u011fi\u015fimi projemiz i\u00e7in \u00e7evrim i\u00e7i haz\u0131rl\u0131k toplant\u0131m\u0131z\u0131 ba\u015far\u0131yla tamamlad\u0131k.<\/p>\n\n\n\n<p>Toplant\u0131 s\u0131ras\u0131nda Avusturya, T\u00fcrkiye, Ukrayna ve G\u00fcrcistan\u2019dan ortak kurulu\u015flar bir araya gelerek 22\u201329 Mart 2026 tarihleri aras\u0131nda ger\u00e7ekle\u015ftirilecek faaliyet hakk\u0131nda g\u00f6r\u00fc\u015f al\u0131\u015fveri\u015finde bulundu. Program ak\u0131\u015f\u0131, kat\u0131l\u0131mc\u0131lar\u0131n haz\u0131rl\u0131k s\u00fcreci ve gen\u00e7lerin yarat\u0131c\u0131 \u00e7izgi film \u00fcretimi arac\u0131l\u0131\u011f\u0131yla kendi hik\u00e2yelerini nas\u0131l ifade edebilecekleri \u00fczerine de\u011ferlendirmeler yapt\u0131k.<\/p>\n\n\n\n<p>Bu proje; g\u00f6\u00e7men gen\u00e7lerin deneyimlerini, kar\u015f\u0131la\u015ft\u0131klar\u0131 zorluklar\u0131 ve bak\u0131\u015f a\u00e7\u0131lar\u0131n\u0131 dijital karikat\u00fcrler, hik\u00e2ye anlat\u0131m\u0131 ve yarat\u0131c\u0131 diyalog yoluyla ifade etmelerini desteklemeyi ama\u00e7lamaktad\u0131r. Ayn\u0131 zamanda sosyal kapsay\u0131c\u0131l\u0131\u011f\u0131, k\u00fclt\u00fcrleraras\u0131 anlay\u0131\u015f\u0131 ve aktif kat\u0131l\u0131m\u0131 te\u015fvik etmektedir.<\/p>\n\n\n\n<p>Toplam 29 kat\u0131l\u0131mc\u0131 birlikte \u00e7al\u0131\u015farak yeni yarat\u0131c\u0131 beceriler \u00f6\u011frenecek ve farkl\u0131 k\u00fclt\u00fcrler aras\u0131nda anlaml\u0131 ba\u011flar kuracakt\u0131r.<\/p>\n\n\n\n<p>Yak\u0131nda herkesle y\u00fcz y\u00fcze bulu\u015fmak ve bu ilham verici yolculu\u011fa birlikte ba\u015flamak i\u00e7in b\u00fcy\u00fck heyecan duyuyoruz.<\/p>\n\n\n\n<p>Bu proje Avrupa Birli\u011fi Erasmus+ Program\u0131 taraf\u0131ndan e\u015f finansmanla desteklenmektedir.,ErasmusPlus #synaosthinktankassociation#YouthExchange #Migration #SocialInclusion #CartoonForChange #InterculturalDialogue<\/p>\n\n\n\nngg_shortcode_0_placeholder\n","protected":false},"excerpt":{"rendered":"<p>(Ref: 2025-3-AT01-KA152-YOU-000388007) adl\u0131 Erasmus+ Gen\u00e7lik De\u011fi\u015fimi projemiz i\u00e7in \u00e7evrim i\u00e7i haz\u0131rl\u0131k toplant\u0131m\u0131z\u0131 ba\u015far\u0131yla tamamlad\u0131k. Toplant\u0131 s\u0131ras\u0131nda Avusturya, T\u00fcrkiye, Ukrayna ve G\u00fcrcistan\u2019dan ortak kurulu\u015flar bir araya gelerek 22\u201329 Mart 2026 tarihleri aras\u0131nda ger\u00e7ekle\u015ftirilecek faaliyet hakk\u0131nda g\u00f6r\u00fc\u015f al\u0131\u015fveri\u015finde bulundu. Program ak\u0131\u015f\u0131, kat\u0131l\u0131mc\u0131lar\u0131n haz\u0131rl\u0131k s\u00fcreci ve gen\u00e7lerin yarat\u0131c\u0131 \u00e7izgi film \u00fcretimi arac\u0131l\u0131\u011f\u0131yla kendi hik\u00e2yelerini nas\u0131l ifade edebilecekleri \u00fczerine&hellip; <br \/> <a class=\"read-more\" href=\"http:\/\/www.synaosfikirkulubu.org\/?p=935\">Devam\u0131<\/a><\/p>\n","protected":false},"author":1,"featured_media":937,"comment_status":"open","ping_status":"closed","sticky":false,"template":"","format":"standard","meta":{"ngg_post_thumbnail":0,"footnotes":""},"categories":[13],"tags":[],"class_list":["post-935","post","type-post","status-publish","format-standard","has-post-thumbnail","hentry","category-pro"],"_links":{"self":[{"href":"http:\/\/www.synaosfikirkulubu.org\/index.php?rest_route=\/wp\/v2\/posts\/935","targetHints":{"allow":["GET"]}}],"collection":[{"href":"http:\/\/www.synaosfikirkulubu.org\/index.php?rest_route=\/wp\/v2\/posts"}],"about":[{"href":"http:\/\/www.synaosfikirkulubu.org\/index.php?rest_route=\/wp\/v2\/types\/post"}],"author":[{"embeddable":true,"href":"http:\/\/www.synaosfikirkulubu.org\/index.php?rest_route=\/wp\/v2\/users\/1"}],"replies":[{"embeddable":true,"href":"http:\/\/www.synaosfikirkulubu.org\/index.php?rest_route=%2Fwp%2Fv2%2Fcomments&post=935"}],"version-history":[{"count":2,"href":"http:\/\/www.synaosfikirkulubu.org\/index.php?rest_route=\/wp\/v2\/posts\/935\/revisions"}],"predecessor-version":[{"id":945,"href":"http:\/\/www.synaosfikirkulubu.org\/index.php?rest_route=\/wp\/v2\/posts\/935\/revisions\/945"}],"wp:featuredmedia":[{"embeddable":true,"href":"http:\/\/www.synaosfikirkulubu.org\/index.php?rest_route=\/wp\/v2\/media\/937"}],"wp:attachment":[{"href":"http:\/\/www.synaosfikirkulubu.org\/index.php?rest_route=%2Fwp%2Fv2%2Fmedia&parent=935"}],"wp:term":[{"taxonomy":"category","embeddable":true,"href":"http:\/\/www.synaosfikirkulubu.org\/index.php?rest_route=%2Fwp%2Fv2%2Fcategories&post=935"},{"taxonomy":"post_tag","embeddable":true,"href":"http:\/\/www.synaosfikirkulubu.org\/index.php?rest_route=%2Fwp%2Fv2%2Ftags&post=935"}],"curies":[{"name":"wp","href":"https:\/\/api.w.org\/{rel}","templated":true}]}}