{"id":797,"date":"2025-08-31T17:50:52","date_gmt":"2025-08-31T17:50:52","guid":{"rendered":"http:\/\/www.synaosfikirkulubu.org\/?p=797"},"modified":"2025-08-31T17:55:12","modified_gmt":"2025-08-31T17:55:12","slug":"kutahyada-dans-ruzgarlari-esti-avrupa-gencligi-kulturlerle-bulustu","status":"publish","type":"post","link":"http:\/\/www.synaosfikirkulubu.org\/?p=797","title":{"rendered":"K\u00fctahya\u2019da Dans R\u00fczgarlar\u0131 Esti: Avrupa Gen\u00e7li\u011fi K\u00fclt\u00fcrlerle Bulu\u015ftu"},"content":{"rendered":"\n<p>K\u00fctahya, Avrupa\u2019dan gelen gen\u00e7lerle unutulmaz bir k\u00fclt\u00fcr<br>bulu\u015fmas\u0131na sahne oldu Folk Dance Fiesta YE (Youth Exchange)<br>adl\u0131 Erasmus+ Gen\u00e7lik De\u011fi\u015fimi Projesi kapsam\u0131nda Macaristan,<br>Romanya, Slovakya ve T\u00fcrkiye\u2019den gelen gen\u00e7ler, halk danslar\u0131<br>arac\u0131l\u0131\u011f\u0131yla k\u00fclt\u00fcrlerini tan\u0131tarak dostluk ba\u011flar\u0131 kurdu.<br>Kat\u0131l\u0131mc\u0131lar, projenin ev sahibi olan Synaos Fikir Kul\u00fcb\u00fc<br>koordinasyonunda hem e\u011fitici at\u00f6lyelere kat\u0131ld\u0131 hem de<br>K\u00fctahya&#8217;n\u0131n tarih\u00ee ve k\u00fclt\u00fcrel zenginliklerini yerinde ke\u015ffetti.<br>K\u00fctahya Belediyesi\u2019nin destekleriyle Germiyan Sokak\u2019ta<br>ger\u00e7ekle\u015ftirilen sokak g\u00f6sterileri ise halk\u0131n b\u00fcy\u00fck be\u011fenisini<br>kazand\u0131. Eski\u015fehir Bandosu\u2019nun korteji e\u015fli\u011finde ba\u015flayan<br>g\u00f6steriler, farkl\u0131 \u00fclke danslar\u0131n\u0131n renkli performanslar\u0131yla devam<br>etti. T\u00fcm izleyicilerin kat\u0131l\u0131m\u0131yla ger\u00e7ekle\u015fen damat halay\u0131,<br>gecenin en co\u015fkulu anlar\u0131ndan biri oldu.<br>Sokak g\u00f6sterisinin ard\u0131ndan Aizanoi Antik Kenti&#8217;ne yap\u0131lan k\u00fclt\u00fcr<br>gezisi, gen\u00e7lerin tarih\u00ee mirasa duydu\u011fu ilgiyi art\u0131r\u0131rken; ak\u015fam<br>d\u00fczenlenen \u201cT\u00fcrk Gecesi\u201d ise projeye unutulmaz bir kapan\u0131\u015f<br>sundu. Belediye Ba\u015fkan Yard\u0131mc\u0131s\u0131 Ha\u015fim Ertekin, Kent Konseyi<br>Ba\u015fkan\u0131 B\u00fclent Cebeci ve K\u00fclt\u00fcr ve Sosyal \u0130\u015fler M\u00fcd\u00fcr\u00fc Y\u0131ld\u0131r\u0131m<br>Akg\u00fcl\u2019\u00fcn \u0130\u00e7 Mimarl\u0131k b\u00f6l\u00fcm Ba\u015fkan\u0131 Do\u00e7. Dr. Elif \u00d6ZDO\u011eLAR\u2019\u0131n da<br>kat\u0131ld\u0131\u011f\u0131 gecede, Youthpass sertifikalar\u0131 t\u00f6renle takdim edildi.<br>Ayr\u0131ca K\u00fctahya\u2019ya \u00f6zg\u00fc \u00e7ini anahtarl\u0131klar ve \u00f6zel olarak<br>tasarlanm\u0131\u015f kupalar, kat\u0131l\u0131mc\u0131lara hediye edildi.<br>Projenin yerel koordinat\u00f6r\u00fc C\u00fcneyt K\u00f6\u015fe, \u201cFolk Dance Fiesta YE<br>sadece bir dans projesi de\u011fil; k\u00fclt\u00fcrlerin bar\u0131\u015f\u00e7\u0131l bir diyalogla<br>bulu\u015ftu\u011fu, \u00f6nyarg\u0131lar\u0131n yerini dostluklar\u0131n ald\u0131\u011f\u0131 anlaml\u0131 bir<br>deneyimdi,\u201d s\u00f6zleriyle s\u00fcreci \u00f6zetledi.<\/p>\n\n\n\n<p>Haberin DORUK GAZETEsi linki: <a href=\"https:\/\/www.dorukmedya.com\/haber-kutahyada-dans-ruzgarlari-esti-avrupa-gencligi-kulturlerle-bulustu-11024.html\">https:\/\/www.dorukmedya.com\/haber-kutahyada-dans-ruzgarlari-esti-avrupa-gencligi-kulturlerle-bulustu-11024.html<\/a><\/p>\n","protected":false},"excerpt":{"rendered":"<p>K\u00fctahya, Avrupa\u2019dan gelen gen\u00e7lerle unutulmaz bir k\u00fclt\u00fcrbulu\u015fmas\u0131na sahne oldu Folk Dance Fiesta YE (Youth Exchange)adl\u0131 Erasmus+ Gen\u00e7lik De\u011fi\u015fimi Projesi kapsam\u0131nda Macaristan,Romanya, Slovakya ve T\u00fcrkiye\u2019den gelen gen\u00e7ler, halk danslar\u0131arac\u0131l\u0131\u011f\u0131yla k\u00fclt\u00fcrlerini tan\u0131tarak dostluk ba\u011flar\u0131 kurdu.Kat\u0131l\u0131mc\u0131lar, projenin ev sahibi olan Synaos Fikir Kul\u00fcb\u00fckoordinasyonunda hem e\u011fitici at\u00f6lyelere kat\u0131ld\u0131 hem deK\u00fctahya&#8217;n\u0131n tarih\u00ee ve k\u00fclt\u00fcrel zenginliklerini yerinde ke\u015ffetti.K\u00fctahya Belediyesi\u2019nin destekleriyle Germiyan&hellip; <br \/> <a class=\"read-more\" href=\"http:\/\/www.synaosfikirkulubu.org\/?p=797\">Devam\u0131<\/a><\/p>\n","protected":false},"author":1,"featured_media":799,"comment_status":"closed","ping_status":"closed","sticky":false,"template":"","format":"standard","meta":{"ngg_post_thumbnail":0,"footnotes":""},"categories":[1,13],"tags":[],"class_list":["post-797","post","type-post","status-publish","format-standard","has-post-thumbnail","hentry","category-press","category-pro"],"_links":{"self":[{"href":"http:\/\/www.synaosfikirkulubu.org\/index.php?rest_route=\/wp\/v2\/posts\/797","targetHints":{"allow":["GET"]}}],"collection":[{"href":"http:\/\/www.synaosfikirkulubu.org\/index.php?rest_route=\/wp\/v2\/posts"}],"about":[{"href":"http:\/\/www.synaosfikirkulubu.org\/index.php?rest_route=\/wp\/v2\/types\/post"}],"author":[{"embeddable":true,"href":"http:\/\/www.synaosfikirkulubu.org\/index.php?rest_route=\/wp\/v2\/users\/1"}],"replies":[{"embeddable":true,"href":"http:\/\/www.synaosfikirkulubu.org\/index.php?rest_route=%2Fwp%2Fv2%2Fcomments&post=797"}],"version-history":[{"count":3,"href":"http:\/\/www.synaosfikirkulubu.org\/index.php?rest_route=\/wp\/v2\/posts\/797\/revisions"}],"predecessor-version":[{"id":801,"href":"http:\/\/www.synaosfikirkulubu.org\/index.php?rest_route=\/wp\/v2\/posts\/797\/revisions\/801"}],"wp:featuredmedia":[{"embeddable":true,"href":"http:\/\/www.synaosfikirkulubu.org\/index.php?rest_route=\/wp\/v2\/media\/799"}],"wp:attachment":[{"href":"http:\/\/www.synaosfikirkulubu.org\/index.php?rest_route=%2Fwp%2Fv2%2Fmedia&parent=797"}],"wp:term":[{"taxonomy":"category","embeddable":true,"href":"http:\/\/www.synaosfikirkulubu.org\/index.php?rest_route=%2Fwp%2Fv2%2Fcategories&post=797"},{"taxonomy":"post_tag","embeddable":true,"href":"http:\/\/www.synaosfikirkulubu.org\/index.php?rest_route=%2Fwp%2Fv2%2Ftags&post=797"}],"curies":[{"name":"wp","href":"https:\/\/api.w.org\/{rel}","templated":true}]}}