{"id":1017,"date":"2026-04-23T13:52:52","date_gmt":"2026-04-23T13:52:52","guid":{"rendered":"http:\/\/www.synaosfikirkulubu.org\/?p=1017"},"modified":"2026-04-23T14:29:44","modified_gmt":"2026-04-23T14:29:44","slug":"kutahya-sfk-medya-okuryazarligi-projesiyle-viyanada-turkiyeyi-basariyla-temsil-etti","status":"publish","type":"post","link":"http:\/\/www.synaosfikirkulubu.org\/?p=1017","title":{"rendered":"K\u00dcTAHYA (SFK), MEDYA OKURYAZARLI\u011eI PROJES\u0130YLE V\u0130YANA\u2019DA T\u00dcRK\u0130YE\u2019Y\u0130 BA\u015eARIYLA TEMS\u0130L ETT\u0130"},"content":{"rendered":"\n<p>K\u00fctahya\u2019dan gen\u00e7ler, 8-16 Nisan 2026 tarihleri aras\u0131nda Avusturya\u2019n\u0131n Viyana kentinde ger\u00e7ekle\u015ftirilen uluslararas\u0131 Erasmus+ projesinde T\u00fcrkiye\u2019yi ba\u015far\u0131yla temsil etti.<\/p>\n\n\n\n<p>\u201cMedia Wise YOUth\u201d ba\u015fl\u0131kl\u0131 proje; Avusturya, T\u00fcrkiye, G\u00fcrcistan ve Macaristan\u2019dan kat\u0131l\u0131mc\u0131lar\u0131 bir araya getirerek, gen\u00e7lerin medya okuryazarl\u0131\u011f\u0131, ele\u015ftirel d\u00fc\u015f\u00fcnme ve dijital fark\u0131ndal\u0131k becerilerini geli\u015ftirmelerine \u00f6nemli katk\u0131lar sa\u011flad\u0131.<\/p>\n\n\n\n<p>Synaos (K\u00fctahya) Fikir Kul\u00fcb\u00fc Derne\u011fi Ba\u015fkan\u0131 C\u00fcneyt K\u00f6\u015fe\u2019nin verdi\u011fi bilgilere g\u00f6re; projede yer alan T\u00fcrk ekibi, Sema K\u00f6\u015fe, C\u00fcneyt K\u00f6\u015fe, Mir Celal Peker, Zeynep \u0130lhan, Dilan Do\u011fruyol ve Mehmet Ba\u015far, \u00f6zellikle sahte haberler (fake news), dezenformasyon ve dijital medya i\u00e7eriklerinin do\u011fru analiz edilmesi konular\u0131nda ger\u00e7ekle\u015ftirilen at\u00f6lye \u00e7al\u0131\u015fmalar\u0131na aktif kat\u0131l\u0131m sa\u011flad\u0131.<\/p>\n\n\n\n<p>Program s\u00fcresince kat\u0131l\u0131mc\u0131lar, sosyal medya do\u011frulama ara\u00e7lar\u0131n\u0131 etkin bir \u015fekilde kullanmay\u0131 \u00f6\u011frenirken, ayn\u0131 zamanda medya i\u00e7eriklerine daha ele\u015ftirel bir bak\u0131\u015f a\u00e7\u0131s\u0131 geli\u015ftirdi. Bu s\u00fcre\u00e7, kat\u0131l\u0131mc\u0131larda \u00f6zellikle sahte haberlere kar\u015f\u0131 g\u00fc\u00e7l\u00fc bir fark\u0131ndal\u0131k olu\u015fmas\u0131na katk\u0131 sa\u011flad\u0131.<\/p>\n\n\n\n<p>Proje boyunca kurulan yeni dostluklar ve k\u00fclt\u00fcrleraras\u0131 etkile\u015fim, kat\u0131l\u0131mc\u0131lar\u0131n hem ki\u015fisel geli\u015fimlerine hem de uluslararas\u0131 ileti\u015fim becerilerine \u00f6nemli katk\u0131lar sundu. Kat\u0131l\u0131mc\u0131lar, farkl\u0131 k\u00fclt\u00fcrlerden gelen akranlar\u0131yla birlikte \u00e7al\u0131\u015farak i\u015f birli\u011fi, empati ve tak\u0131m ruhu konular\u0131nda de\u011ferli deneyimler kazand\u0131.<\/p>\n\n\n\n<p>Proje kapsam\u0131nda elde edilen bilgi ve deneyimlerin, haz\u0131rlanacak e\u011fitim materyalleri ve \u201ctoolkit\u201d arac\u0131l\u0131\u011f\u0131yla daha geni\u015f kitlelere ula\u015ft\u0131r\u0131lmas\u0131 hedeflenmektedir.<\/p>\n\n\n\n<p>K\u00f6\u015fe, a\u00e7\u0131klamas\u0131n\u0131n sonunda bu t\u00fcr projelerin gen\u00e7lerin sadece bilgi edinmesini de\u011fil, ayn\u0131 zamanda bilin\u00e7li ve sorumlu bireyler olarak topluma katk\u0131 sunmalar\u0131n\u0131 sa\u011flad\u0131\u011f\u0131n\u0131 vurgulayarak, K\u00fctahya\u2019n\u0131n uluslararas\u0131 platformlarda ba\u015far\u0131yla temsil edilmesinden duydu\u011fu memnuniyeti dile getirdi.<\/p>\n\n\n\n<p>#ikigai_vienna<br>#SynaosThinkTankAssociation&nbsp;&nbsp;&nbsp;&nbsp;&nbsp;&nbsp;&nbsp;&nbsp;&nbsp;&nbsp;&nbsp;&nbsp;&nbsp;&nbsp;&nbsp;&nbsp;&nbsp;&nbsp;&nbsp;&nbsp;&nbsp;&nbsp;&nbsp;&nbsp;&nbsp;&nbsp;&nbsp;&nbsp;&nbsp;&nbsp;&nbsp;&nbsp;&nbsp;&nbsp;&nbsp;&nbsp;&nbsp;&nbsp;&nbsp;&nbsp;&nbsp;&nbsp;&nbsp;&nbsp;&nbsp;&nbsp;&nbsp;&nbsp;&nbsp;&nbsp;&nbsp;&nbsp;&nbsp;&nbsp;&nbsp;&nbsp;&nbsp;&nbsp;&nbsp;&nbsp;&nbsp;&nbsp;&nbsp;&nbsp;&nbsp;&nbsp;&nbsp;&nbsp;&nbsp;&nbsp;&nbsp;&nbsp;&nbsp;&nbsp;&nbsp;&nbsp;&nbsp;&nbsp;&nbsp;&nbsp;&nbsp;&nbsp;&nbsp;&nbsp;&nbsp;&nbsp;&nbsp;&nbsp;&nbsp;&nbsp;&nbsp;&nbsp;&nbsp;&nbsp;&nbsp;&nbsp;&nbsp;&nbsp;&nbsp;&nbsp;&nbsp;&nbsp;&nbsp;&nbsp;&nbsp;&nbsp;&nbsp;&nbsp;&nbsp;&nbsp;&nbsp;&nbsp;&nbsp;&nbsp;&nbsp;&nbsp;&nbsp;&nbsp;&nbsp;&nbsp;&nbsp;&nbsp;&nbsp;#Keramika<br>#MediaWiseYouth<br>#Dorukmedya<br>#YouthWork<br>#DigitalAwareness<br><br><\/p>\n\n\n\nngg_shortcode_0_placeholder\n\n\n\n<div class='embed-container'><iframe loading=\"lazy\" title=\"wise video\" width=\"608\" height=\"1080\" src=\"https:\/\/www.youtube.com\/embed\/VbD6Tgyv9Pw?feature=oembed\" frameborder=\"0\" allow=\"accelerometer; autoplay; clipboard-write; encrypted-media; gyroscope; picture-in-picture; web-share\" referrerpolicy=\"strict-origin-when-cross-origin\" allowfullscreen><\/iframe><\/div>\n","protected":false},"excerpt":{"rendered":"<p>K\u00fctahya\u2019dan gen\u00e7ler, 8-16 Nisan 2026 tarihleri aras\u0131nda Avusturya\u2019n\u0131n Viyana kentinde ger\u00e7ekle\u015ftirilen uluslararas\u0131 Erasmus+ projesinde T\u00fcrkiye\u2019yi ba\u015far\u0131yla temsil etti. \u201cMedia Wise YOUth\u201d ba\u015fl\u0131kl\u0131 proje; Avusturya, T\u00fcrkiye, G\u00fcrcistan ve Macaristan\u2019dan kat\u0131l\u0131mc\u0131lar\u0131 bir araya getirerek, gen\u00e7lerin medya okuryazarl\u0131\u011f\u0131, ele\u015ftirel d\u00fc\u015f\u00fcnme ve dijital fark\u0131ndal\u0131k becerilerini geli\u015ftirmelerine \u00f6nemli katk\u0131lar sa\u011flad\u0131. Synaos (K\u00fctahya) Fikir Kul\u00fcb\u00fc Derne\u011fi Ba\u015fkan\u0131 C\u00fcneyt K\u00f6\u015fe\u2019nin verdi\u011fi bilgilere&hellip; <br \/> <a class=\"read-more\" href=\"http:\/\/www.synaosfikirkulubu.org\/?p=1017\">Devam\u0131<\/a><\/p>\n","protected":false},"author":1,"featured_media":1019,"comment_status":"closed","ping_status":"closed","sticky":false,"template":"","format":"standard","meta":{"ngg_post_thumbnail":0,"footnotes":""},"categories":[1,13],"tags":[],"class_list":["post-1017","post","type-post","status-publish","format-standard","has-post-thumbnail","hentry","category-press","category-pro"],"_links":{"self":[{"href":"http:\/\/www.synaosfikirkulubu.org\/index.php?rest_route=\/wp\/v2\/posts\/1017","targetHints":{"allow":["GET"]}}],"collection":[{"href":"http:\/\/www.synaosfikirkulubu.org\/index.php?rest_route=\/wp\/v2\/posts"}],"about":[{"href":"http:\/\/www.synaosfikirkulubu.org\/index.php?rest_route=\/wp\/v2\/types\/post"}],"author":[{"embeddable":true,"href":"http:\/\/www.synaosfikirkulubu.org\/index.php?rest_route=\/wp\/v2\/users\/1"}],"replies":[{"embeddable":true,"href":"http:\/\/www.synaosfikirkulubu.org\/index.php?rest_route=%2Fwp%2Fv2%2Fcomments&post=1017"}],"version-history":[{"count":4,"href":"http:\/\/www.synaosfikirkulubu.org\/index.php?rest_route=\/wp\/v2\/posts\/1017\/revisions"}],"predecessor-version":[{"id":1032,"href":"http:\/\/www.synaosfikirkulubu.org\/index.php?rest_route=\/wp\/v2\/posts\/1017\/revisions\/1032"}],"wp:featuredmedia":[{"embeddable":true,"href":"http:\/\/www.synaosfikirkulubu.org\/index.php?rest_route=\/wp\/v2\/media\/1019"}],"wp:attachment":[{"href":"http:\/\/www.synaosfikirkulubu.org\/index.php?rest_route=%2Fwp%2Fv2%2Fmedia&parent=1017"}],"wp:term":[{"taxonomy":"category","embeddable":true,"href":"http:\/\/www.synaosfikirkulubu.org\/index.php?rest_route=%2Fwp%2Fv2%2Fcategories&post=1017"},{"taxonomy":"post_tag","embeddable":true,"href":"http:\/\/www.synaosfikirkulubu.org\/index.php?rest_route=%2Fwp%2Fv2%2Ftags&post=1017"}],"curies":[{"name":"wp","href":"https:\/\/api.w.org\/{rel}","templated":true}]}}